{"id":404,"date":"2021-01-29T09:44:37","date_gmt":"2021-01-29T09:44:37","guid":{"rendered":"https:\/\/autohaus-nebel.at\/?p=404"},"modified":"2021-02-03T15:37:29","modified_gmt":"2021-02-03T15:37:29","slug":"die-firma-kurt-koller-kg-hat-ihr-neues-firmenfahrzeug-uebernommen","status":"publish","type":"post","link":"https:\/\/autohaus-nebel.at\/?p=404","title":{"rendered":"Die Firma KURT KOLLER KG hat ihr neues Firmenfahrzeug \u00fcbernommen"},"content":{"rendered":"<p>[et_pb_section fb_built=&#8220;1&#8243; _builder_version=&#8220;4.8.2&#8243; _module_preset=&#8220;default&#8220; custom_margin=&#8220;-50px||||false|false&#8220;][et_pb_row column_structure=&#8220;1_2,1_2&#8243; _builder_version=&#8220;4.8.2&#8243; _module_preset=&#8220;default&#8220; custom_padding=&#8220;4px|||||&#8220;][et_pb_column type=&#8220;1_2&#8243; _builder_version=&#8220;4.8.2&#8243; _module_preset=&#8220;default&#8220;][et_pb_image src=&#8220;https:\/\/autohaus-nebel.at\/wp-content\/uploads\/2021\/02\/WhatsApp-Image-2021-01-29-at-14.35.33-3.jpeg&#8220; title_text=&#8220;WhatsApp Image 2021-01-29 at 14.35.33 (3)&#8220; _builder_version=&#8220;4.8.2&#8243; _module_preset=&#8220;55f77b96-c3d9-4401-bb93-950cdacc5602&#8243; hover_enabled=&#8220;0&#8243; sticky_enabled=&#8220;0&#8243;][\/et_pb_image][\/et_pb_column][et_pb_column type=&#8220;1_2&#8243; _builder_version=&#8220;4.8.2&#8243; _module_preset=&#8220;default&#8220;][et_pb_text _builder_version=&#8220;4.8.2&#8243; _module_preset=&#8220;default&#8220;]<\/p>\n<p>Da der Malerbetrieb Kurt Koller KG auch \u00fcber die Grenzen hinweg im Einsatz ist, hat es uns sehr gefreut mit dem Nissan NV250 ein ausdauerndes und zuverl\u00e4ssiges Fahrzeug \u00fcbergeben zu haben.\u00a0<\/p>\n<p><span>Mit 5 Jahren Garantie ist der NISSAN NV250 ein perfekter Kollege und steht als Assistent 24\/7 zur Verf\u00fcgung.<\/span><\/p>\n<p>Weitere Details zum Fahrzeug finden Sie auf der <a href=\"https:\/\/www.nissan.at\/fahrzeuge\/neuwagen\/nv250.html\" target=\"_blank\" rel=\"noopener noreferrer\" title=\"Nissan NV250\">Nissan Webseite<\/a>.<\/p>\n<p>[\/et_pb_text][\/et_pb_column][\/et_pb_row][\/et_pb_section]<\/p>\n","protected":false},"excerpt":{"rendered":"<p>Da der Malerbetrieb Kurt Koller KG auch \u00fcber die Grenzen hinweg im Einsatz ist, hat es uns sehr gefreut mit dem Nissan NV250 ein ausdauerndes und zuverl\u00e4ssiges Fahrzeug \u00fcbergeben zu haben.\u00a0 Mit 5 Jahren Garantie ist der NISSAN NV250 ein perfekter Kollege und steht als Assistent 24\/7 zur Verf\u00fcgung. Weitere Details zum Fahrzeug finden Sie [&hellip;]<\/p>\n","protected":false},"author":1,"featured_media":0,"comment_status":"closed","ping_status":"closed","sticky":false,"template":"","format":"standard","meta":{"_et_pb_use_builder":"on","_et_pb_old_content":"","_et_gb_content_width":"","footnotes":""},"categories":[6],"tags":[],"class_list":["post-404","post","type-post","status-publish","format-standard","hentry","category-aktuelles"],"_links":{"self":[{"href":"https:\/\/autohaus-nebel.at\/index.php?rest_route=\/wp\/v2\/posts\/404","targetHints":{"allow":["GET"]}}],"collection":[{"href":"https:\/\/autohaus-nebel.at\/index.php?rest_route=\/wp\/v2\/posts"}],"about":[{"href":"https:\/\/autohaus-nebel.at\/index.php?rest_route=\/wp\/v2\/types\/post"}],"author":[{"embeddable":true,"href":"https:\/\/autohaus-nebel.at\/index.php?rest_route=\/wp\/v2\/users\/1"}],"replies":[{"embeddable":true,"href":"https:\/\/autohaus-nebel.at\/index.php?rest_route=%2Fwp%2Fv2%2Fcomments&post=404"}],"version-history":[{"count":4,"href":"https:\/\/autohaus-nebel.at\/index.php?rest_route=\/wp\/v2\/posts\/404\/revisions"}],"predecessor-version":[{"id":448,"href":"https:\/\/autohaus-nebel.at\/index.php?rest_route=\/wp\/v2\/posts\/404\/revisions\/448"}],"wp:attachment":[{"href":"https:\/\/autohaus-nebel.at\/index.php?rest_route=%2Fwp%2Fv2%2Fmedia&parent=404"}],"wp:term":[{"taxonomy":"category","embeddable":true,"href":"https:\/\/autohaus-nebel.at\/index.php?rest_route=%2Fwp%2Fv2%2Fcategories&post=404"},{"taxonomy":"post_tag","embeddable":true,"href":"https:\/\/autohaus-nebel.at\/index.php?rest_route=%2Fwp%2Fv2%2Ftags&post=404"}],"curies":[{"name":"wp","href":"https:\/\/api.w.org\/{rel}","templated":true}]}}