{"id":486,"date":"2021-03-26T15:29:05","date_gmt":"2021-03-26T15:29:05","guid":{"rendered":"https:\/\/autohaus-nebel.at\/?p=486"},"modified":"2021-03-26T15:30:09","modified_gmt":"2021-03-26T15:30:09","slug":"486","status":"publish","type":"post","link":"https:\/\/autohaus-nebel.at\/?p=486","title":{"rendered":"Zuwachs bei Firma Elektro-Express J. Drosg GmbH"},"content":{"rendered":"\n[et_pb_section fb_built=&#8220;1&#8243; _builder_version=&#8220;4.8.2&#8243; _module_preset=&#8220;default&#8220; custom_margin=&#8220;||||false|false&#8220; custom_padding=&#8220;14px|||||&#8220;][et_pb_row column_structure=&#8220;1_2,1_2&#8243; _builder_version=&#8220;4.8.2&#8243; _module_preset=&#8220;default&#8220; custom_padding=&#8220;4px|||||&#8220;][et_pb_column type=&#8220;1_2&#8243; _builder_version=&#8220;4.8.2&#8243; _module_preset=&#8220;default&#8220;][et_pb_image src=&#8220;https:\/\/autohaus-nebel.at\/wp-content\/uploads\/2021\/03\/WhatsApp-Image-2021-03-26-at-15.09.56.jpeg&#8220; title_text=&#8220;WhatsApp Image 2021-03-26 at 15.09.56&#8243; _builder_version=&#8220;4.9.2&#8243; _module_preset=&#8220;55f77b96-c3d9-4401-bb93-950cdacc5602&#8243; hover_enabled=&#8220;0&#8243; sticky_enabled=&#8220;0&#8243;][\/et_pb_image][\/et_pb_column][et_pb_column type=&#8220;1_2&#8243; _builder_version=&#8220;4.8.2&#8243; _module_preset=&#8220;default&#8220;][et_pb_text _builder_version=&#8220;4.8.2&#8243; _module_preset=&#8220;default&#8220; hover_enabled=&#8220;0&#8243; sticky_enabled=&#8220;0&#8243;]<h4><span style=\"font-size: 14px; color: #666666; font-family: Karla, Helvetica, Arial, Lucida, sans-serif;\"><\/span><\/h4>\n<h4><span style=\"font-size: 14px; color: #666666; font-family: Karla, Helvetica, Arial, Lucida, sans-serif;\">Die Firma Elektro-Express J. Drosg hat neuerlich Zuwachs bekommen! <\/span><\/h4>\n<h4><span style=\"font-size: 14px; color: #666666; font-family: Karla, Helvetica, Arial, Lucida, sans-serif;\">Der Nissan NV300 mit Doppelkabine bietet maximal 6 Personen Platz, hat jedoch aufgrund des l\u00e4ngeren Radstandes gen\u00fcgend Stauraum f\u00fcr zus\u00e4tzliches Equipment. <br \/>Da die Firma Elektro-Express J. Drosg \u00f6sterreichweit sowie auch im Ausland im Einsatz und von der <\/span><span style=\"font-size: 14px; color: #666666; font-family: Karla, Helvetica, Arial, Lucida, sans-serif;\">Zuverl\u00e4ssigkeit der Nissan-Fahrzeuge \u00fcberzeugt ist, haben Sie sich wieder f\u00fcr ein Modell dieser Marke entschieden.<\/span><\/h4>\n<p>\u00a0<span>Alle Informationen zu diesem Fahrzeug\u00a0<a href=\"https:\/\/www.nissan.at\/fahrzeuge\/neuwagen\/nv300.html\">finden Sie hier<\/a>.<\/span><\/p>\n<p>Wir w\u00fcnschen der Firma Elektro-Express J. Drosg GmbH viel Spa\u00df und gute Gesch\u00e4fte mit Ihrem Neuzugang.<\/p>[\/et_pb_text][\/et_pb_column][\/et_pb_row][\/et_pb_section]\n","protected":false},"excerpt":{"rendered":"<p>Die Firma Elektro-Express J. Drosg hat neuerlich Zuwachs bekommen! Der Nissan NV300 mit Doppelkabine bietet maximal 6 Personen Platz, hat jedoch aufgrund des l\u00e4ngeren Radstandes gen\u00fcgend Stauraum f\u00fcr zus\u00e4tzliches Equipment. Da die Firma Elektro-Express J. Drosg \u00f6sterreichweit sowie auch im Ausland im Einsatz und von der Zuverl\u00e4ssigkeit der Nissan-Fahrzeuge \u00fcberzeugt ist, haben Sie sich wieder [&hellip;]<\/p>\n","protected":false},"author":1,"featured_media":0,"comment_status":"closed","ping_status":"closed","sticky":false,"template":"","format":"standard","meta":{"_et_pb_use_builder":"on","_et_pb_old_content":"","_et_gb_content_width":"","footnotes":""},"categories":[6],"tags":[],"class_list":["post-486","post","type-post","status-publish","format-standard","hentry","category-aktuelles"],"_links":{"self":[{"href":"https:\/\/autohaus-nebel.at\/index.php?rest_route=\/wp\/v2\/posts\/486","targetHints":{"allow":["GET"]}}],"collection":[{"href":"https:\/\/autohaus-nebel.at\/index.php?rest_route=\/wp\/v2\/posts"}],"about":[{"href":"https:\/\/autohaus-nebel.at\/index.php?rest_route=\/wp\/v2\/types\/post"}],"author":[{"embeddable":true,"href":"https:\/\/autohaus-nebel.at\/index.php?rest_route=\/wp\/v2\/users\/1"}],"replies":[{"embeddable":true,"href":"https:\/\/autohaus-nebel.at\/index.php?rest_route=%2Fwp%2Fv2%2Fcomments&post=486"}],"version-history":[{"count":4,"href":"https:\/\/autohaus-nebel.at\/index.php?rest_route=\/wp\/v2\/posts\/486\/revisions"}],"predecessor-version":[{"id":494,"href":"https:\/\/autohaus-nebel.at\/index.php?rest_route=\/wp\/v2\/posts\/486\/revisions\/494"}],"wp:attachment":[{"href":"https:\/\/autohaus-nebel.at\/index.php?rest_route=%2Fwp%2Fv2%2Fmedia&parent=486"}],"wp:term":[{"taxonomy":"category","embeddable":true,"href":"https:\/\/autohaus-nebel.at\/index.php?rest_route=%2Fwp%2Fv2%2Fcategories&post=486"},{"taxonomy":"post_tag","embeddable":true,"href":"https:\/\/autohaus-nebel.at\/index.php?rest_route=%2Fwp%2Fv2%2Ftags&post=486"}],"curies":[{"name":"wp","href":"https:\/\/api.w.org\/{rel}","templated":true}]}}