{"id":569,"date":"2021-09-24T15:07:09","date_gmt":"2021-09-24T15:07:09","guid":{"rendered":"https:\/\/autohaus-nebel.at\/?p=569"},"modified":"2021-09-24T15:07:15","modified_gmt":"2021-09-24T15:07:15","slug":"frau-reinhart-gertrude-uebernimmt-ihren-neuen-nissan-juke","status":"publish","type":"post","link":"https:\/\/autohaus-nebel.at\/?p=569","title":{"rendered":"Frau Reinhart Gertrude \u00fcbernimmt ihren neuen Nissan Juke"},"content":{"rendered":"<p>[et_pb_section fb_built=&#8220;1&#8243; _builder_version=&#8220;4.8.2&#8243; _module_preset=&#8220;default&#8220; custom_margin=&#8220;||||false|false&#8220;][et_pb_row column_structure=&#8220;1_2,1_2&#8243; _builder_version=&#8220;4.8.2&#8243; _module_preset=&#8220;default&#8220; custom_padding=&#8220;4px|||||&#8220;][et_pb_column type=&#8220;1_2&#8243; _builder_version=&#8220;4.8.2&#8243; _module_preset=&#8220;default&#8220;][et_pb_image src=&#8220;https:\/\/autohaus-nebel.at\/wp-content\/uploads\/2021\/09\/WhatsApp-Image-2021-08-20-at-17.21.53-1.jpeg&#8220; title_text=&#8220;WhatsApp Image 2021-08-20 at 17.21.53 (1)&#8220; _builder_version=&#8220;4.9.10&#8243; _module_preset=&#8220;55f77b96-c3d9-4401-bb93-950cdacc5602&#8243; hover_enabled=&#8220;0&#8243; sticky_enabled=&#8220;0&#8243;][\/et_pb_image][\/et_pb_column][et_pb_column type=&#8220;1_2&#8243; _builder_version=&#8220;4.8.2&#8243; _module_preset=&#8220;default&#8220; hover_enabled=&#8220;0&#8243; sticky_enabled=&#8220;0&#8243;][et_pb_text _builder_version=&#8220;4.9.10&#8243; _module_preset=&#8220;default&#8220; hover_enabled=&#8220;0&#8243; sticky_enabled=&#8220;0&#8243;]<\/p>\n<p>Frau Reinhart Gertrude \u00fcbernimmt ihren Nissan Juke N-Connecta mit Technologie-Paket und Winterpaket.<\/p>\n<p>Der Nissan Juke N-Connecta zeichnet sich, wie der Name bereits verr\u00e4t, vor allem durch seine Verbindungsfreudigkeit aus. So k\u00f6nnen Sie z.B. \u00fcber eine App auf dem Mobiltelefon den Standort Ihres Fahrzeuges ermitteln oder das Licht bzw. die Hupe einschalten. Funktionen die sich jeder schon einmal gew\u00fcnscht hat, der sein Fahrzeug auf einem gro\u00dfen Parkplatz vergeblich gesucht hat.<\/p>\n<p>Um auch in den kalten Wintermonaten bestens ger\u00fcstet zu sein bietet der Nissan Juke durch das Winterpaket nicht nur eine beheizte Frontscheibe sondern auch eine Sitzheizung.<\/p>\n<p>Wenn Sie sich Ihren Nissan Juke selbst zusammen-stellen m\u00f6chten, gehen Sie doch einfach auf die <a href=\"https:\/\/www.nissan.at\/fahrzeuge\/neuwagen\/juke\/design.html#Individualisierung\">Nissan Seite<\/a> und \u00fcberzeugen Sie sich von den vielen Optionen.<span><\/span><\/p>\n<p>&nbsp;<\/p>\n<p>[\/et_pb_text][\/et_pb_column][\/et_pb_row][\/et_pb_section]<\/p>\n","protected":false},"excerpt":{"rendered":"<p>Frau Reinhart Gertrude \u00fcbernimmt ihren Nissan Juke N-Connecta mit Technologie-Paket und Winterpaket. Der Nissan Juke N-Connecta zeichnet sich, wie der Name bereits verr\u00e4t, vor allem durch seine Verbindungsfreudigkeit aus. So k\u00f6nnen Sie z.B. \u00fcber eine App auf dem Mobiltelefon den Standort Ihres Fahrzeuges ermitteln oder das Licht bzw. die Hupe einschalten. Funktionen die sich jeder [&hellip;]<\/p>\n","protected":false},"author":1,"featured_media":0,"comment_status":"closed","ping_status":"closed","sticky":false,"template":"","format":"standard","meta":{"_et_pb_use_builder":"on","_et_pb_old_content":"","_et_gb_content_width":"","footnotes":""},"categories":[6],"tags":[],"class_list":["post-569","post","type-post","status-publish","format-standard","hentry","category-aktuelles"],"_links":{"self":[{"href":"https:\/\/autohaus-nebel.at\/index.php?rest_route=\/wp\/v2\/posts\/569","targetHints":{"allow":["GET"]}}],"collection":[{"href":"https:\/\/autohaus-nebel.at\/index.php?rest_route=\/wp\/v2\/posts"}],"about":[{"href":"https:\/\/autohaus-nebel.at\/index.php?rest_route=\/wp\/v2\/types\/post"}],"author":[{"embeddable":true,"href":"https:\/\/autohaus-nebel.at\/index.php?rest_route=\/wp\/v2\/users\/1"}],"replies":[{"embeddable":true,"href":"https:\/\/autohaus-nebel.at\/index.php?rest_route=%2Fwp%2Fv2%2Fcomments&post=569"}],"version-history":[{"count":2,"href":"https:\/\/autohaus-nebel.at\/index.php?rest_route=\/wp\/v2\/posts\/569\/revisions"}],"predecessor-version":[{"id":573,"href":"https:\/\/autohaus-nebel.at\/index.php?rest_route=\/wp\/v2\/posts\/569\/revisions\/573"}],"wp:attachment":[{"href":"https:\/\/autohaus-nebel.at\/index.php?rest_route=%2Fwp%2Fv2%2Fmedia&parent=569"}],"wp:term":[{"taxonomy":"category","embeddable":true,"href":"https:\/\/autohaus-nebel.at\/index.php?rest_route=%2Fwp%2Fv2%2Fcategories&post=569"},{"taxonomy":"post_tag","embeddable":true,"href":"https:\/\/autohaus-nebel.at\/index.php?rest_route=%2Fwp%2Fv2%2Ftags&post=569"}],"curies":[{"name":"wp","href":"https:\/\/api.w.org\/{rel}","templated":true}]}}