{"id":575,"date":"2021-12-13T08:12:29","date_gmt":"2021-12-13T08:12:29","guid":{"rendered":"https:\/\/autohaus-nebel.at\/?p=575"},"modified":"2021-12-13T08:14:17","modified_gmt":"2021-12-13T08:14:17","slug":"firma-schneider-erich-kg-setzt-weiter-auf-e-mobilitaet","status":"publish","type":"post","link":"https:\/\/autohaus-nebel.at\/?p=575","title":{"rendered":"Firma Schneider Erich KG setzt weiter auf E-Mobilit\u00e4t"},"content":{"rendered":"<p>[et_pb_section fb_built=&#8220;1&#8243; _builder_version=&#8220;4.8.2&#8243; _module_preset=&#8220;default&#8220; custom_margin=&#8220;||||false|false&#8220;][et_pb_row column_structure=&#8220;1_2,1_2&#8243; _builder_version=&#8220;4.8.2&#8243; _module_preset=&#8220;default&#8220; custom_padding=&#8220;4px|||||&#8220;][et_pb_column type=&#8220;1_2&#8243; _builder_version=&#8220;4.8.2&#8243; _module_preset=&#8220;default&#8220;][et_pb_image src=&#8220;https:\/\/autohaus-nebel.at\/wp-content\/uploads\/2021\/12\/WhatsApp-Image-2021-12-10-at-10.42.57-2.jpeg&#8220; title_text=&#8220;WhatsApp Image 2021-12-10 at 10.42.57 (2)&#8220; _builder_version=&#8220;4.9.10&#8243; _module_preset=&#8220;55f77b96-c3d9-4401-bb93-950cdacc5602&#8243; hover_enabled=&#8220;0&#8243; sticky_enabled=&#8220;0&#8243;][\/et_pb_image][\/et_pb_column][et_pb_column type=&#8220;1_2&#8243; _builder_version=&#8220;4.8.2&#8243; _module_preset=&#8220;default&#8220;][et_pb_text _builder_version=&#8220;4.8.2&#8243; _module_preset=&#8220;default&#8220;]<\/p>\n<p>\u00dcberzeugt von der E-Mobilit\u00e4t von Nissan \u00fcbernahm die Firma Schneider Erich KG B\u00e4ckerei bereits ihr zweites Elektro-Fahrzeug!\u00a0<\/p>\n<p>Mit einer Batteriekapazit\u00e4t von 62kWh und einer Reichweite von 385km (lt. WLTP) ist das Fahrzeug f\u00fcr alle t\u00e4glichen Belange bestens ger\u00fcstet.\u00a0<\/p>\n<p>Mit der Ausstattungsvariante Leaf e+ Tekna verf\u00fcgt das Fahrzeug n<span style=\"font-family: inherit; font-weight: normal;\">eben einem Multimedia-System mit 8\u2033-Farbdisplay mit Touchscreen und integrierter Freisprechanlage auch eine Sprachsteuerung, ein Bose\u00ae Premium Soundsystem inklusive\u00a0 Navigationssystem.<\/span><\/p>\n<p><span>Weitere Ausstattungsmerkmale <a href=\"https:\/\/www.nissan.at\/fahrzeuge\/neuwagen\/leaf\/varianten-preise.html\" target=\"_blank\" rel=\"noopener noreferrer\" title=\"Nissan Leaf\">finden Sie hier<\/a>.<\/span><\/p>\n<p><span><\/span><\/p>\n<p>&nbsp;<\/p>\n<p>[\/et_pb_text][\/et_pb_column][\/et_pb_row][\/et_pb_section]<\/p>\n","protected":false},"excerpt":{"rendered":"<p>\u00dcberzeugt von der E-Mobilit\u00e4t von Nissan \u00fcbernahm die Firma Schneider Erich KG B\u00e4ckerei bereits ihr zweites Elektro-Fahrzeug!\u00a0 Mit einer Batteriekapazit\u00e4t von 62kWh und einer Reichweite von 385km (lt. WLTP) ist das Fahrzeug f\u00fcr alle t\u00e4glichen Belange bestens ger\u00fcstet.\u00a0 Mit der Ausstattungsvariante Leaf e+ Tekna verf\u00fcgt das Fahrzeug neben einem Multimedia-System mit 8\u2033-Farbdisplay mit Touchscreen und [&hellip;]<\/p>\n","protected":false},"author":1,"featured_media":0,"comment_status":"closed","ping_status":"closed","sticky":false,"template":"","format":"standard","meta":{"_et_pb_use_builder":"on","_et_pb_old_content":"","_et_gb_content_width":"","footnotes":""},"categories":[6],"tags":[],"class_list":["post-575","post","type-post","status-publish","format-standard","hentry","category-aktuelles"],"_links":{"self":[{"href":"https:\/\/autohaus-nebel.at\/index.php?rest_route=\/wp\/v2\/posts\/575","targetHints":{"allow":["GET"]}}],"collection":[{"href":"https:\/\/autohaus-nebel.at\/index.php?rest_route=\/wp\/v2\/posts"}],"about":[{"href":"https:\/\/autohaus-nebel.at\/index.php?rest_route=\/wp\/v2\/types\/post"}],"author":[{"embeddable":true,"href":"https:\/\/autohaus-nebel.at\/index.php?rest_route=\/wp\/v2\/users\/1"}],"replies":[{"embeddable":true,"href":"https:\/\/autohaus-nebel.at\/index.php?rest_route=%2Fwp%2Fv2%2Fcomments&post=575"}],"version-history":[{"count":3,"href":"https:\/\/autohaus-nebel.at\/index.php?rest_route=\/wp\/v2\/posts\/575\/revisions"}],"predecessor-version":[{"id":581,"href":"https:\/\/autohaus-nebel.at\/index.php?rest_route=\/wp\/v2\/posts\/575\/revisions\/581"}],"wp:attachment":[{"href":"https:\/\/autohaus-nebel.at\/index.php?rest_route=%2Fwp%2Fv2%2Fmedia&parent=575"}],"wp:term":[{"taxonomy":"category","embeddable":true,"href":"https:\/\/autohaus-nebel.at\/index.php?rest_route=%2Fwp%2Fv2%2Fcategories&post=575"},{"taxonomy":"post_tag","embeddable":true,"href":"https:\/\/autohaus-nebel.at\/index.php?rest_route=%2Fwp%2Fv2%2Ftags&post=575"}],"curies":[{"name":"wp","href":"https:\/\/api.w.org\/{rel}","templated":true}]}}